{"id":166,"date":"2022-10-18T22:19:08","date_gmt":"2022-10-18T22:19:08","guid":{"rendered":"https:\/\/www.mcf.com.mx\/blog\/?p=166"},"modified":"2022-10-18T22:19:08","modified_gmt":"2022-10-18T22:19:08","slug":"aborto-en-chile","status":"publish","type":"post","link":"https:\/\/www.mcf.com.mx\/blog\/2022\/10\/18\/aborto-en-chile\/","title":{"rendered":"Aborto en Chile"},"content":{"rendered":"<p>El <b><i>aborto en Chile<\/i><\/b> es permitido desde 2017 por 3 causales ,toda mujer o persona con capacidad de gestar lo puede realizar \u00fanicamente bajo tres causales:<span class=\"Apple-converted-space\">\u00a0<\/span><\/p>\n<ul>\n<li>Si el embarazo pone en peligro la vida de la mujer<\/li>\n<li>Producto de abuso sexual<\/li>\n<li>Malformaci\u00f3n en el feto<span class=\"Apple-converted-space\">\u00a0<\/span><\/li>\n<\/ul>\n<p>La ministra de Mujer y Equidad de G\u00e9nero de Chile, \u00a0Antonia Orellana menciono que en el <a href=\"https:\/\/medicacenterfem.org\/2022\/09\/28\/accion-global-por-el-acceso-al-aborto-legal-y-seguro\/\"><em><strong>D\u00eda de Acci\u00f3n Global por el Acceso al Aborto Legal y Seguro,<\/strong><\/em><\/a>\u00a0el cual se celebra cada 28 de septiembre, el gobierno empez\u00f3 a considerar un proyecto el cual permita la <a href=\"https:\/\/www.mcf.com.mx\"><em><strong>interrupci\u00f3n del embarazo<\/strong> <\/em><\/a>de manera libre, y lograr as\u00ed modificar la ley restrictiva actual sobre el aborto.<\/p>\n<p>Distintos expertos consultados por EFE, mencionan que son muy pocos los avances que se han logrado desde 2017. <span class=\"Apple-converted-space\">\u00a0<\/span><\/p>\n<h2><i>Aborto en chile<\/i>: \u00bfqu\u00e9 se quiere lograr?<span class=\"Apple-converted-space\">\u00a0<\/span><\/h2>\n<p>Seg\u00fan la <a href=\"https:\/\/es.wikipedia.org\/wiki\/Antonia_Orellana\"><em><strong>Ministra Antonia Orellana<\/strong><\/em><\/a> , los objetivos que se quieren perseguir ante esta propuesta es conocer cu\u00e1l ser\u00eda el modelo legislativo que podr\u00eda llegar a adoptarse en Chile.<span class=\"Apple-converted-space\">\u00a0<\/span><\/p>\n<blockquote><p>&#8221;Se ha iniciado a tener conversaciones con ginec\u00f3logas, grupos de mujeres que forman parte de distintas organizaciones, as\u00ed como tambi\u00e9n con movimientos feministas, con la finalidad de discutir estos temas debido a que como parte del Gobierno tengo un compromiso en avanzar sobre los derechos sexuales y reproductivos&#8221;<\/p><\/blockquote>\n<p>Los diputados conservadores, integrantes del partido republicano Urruticoechea y Harry J\u00fcrgensen, buscan prohibir estrictamente el aborto en Chile, y penalizar la interrupci\u00f3n voluntaria hasta por diez a\u00f1os.<\/p>\n<p>Por lo que Orellana menciona que no dar\u00e1 espacio a ninguna propuesta similar como a la que se plante\u00f3 por parte de los diputados, debido a que se busca avanzar y no retroceder en esta lucha.<\/p>\n<p>Es verdad que hoy en d\u00eda en Chile no existen mujeres encarceladas por practicarse un aborto, esto porque la pena suele ser muy baja, pero, en cambio, si se admite una pena de hasta diez a\u00f1os, incrementar\u00edan los casos de mujeres en prisi\u00f3n.<\/p>\n<p>Finalmente, la ministra recalco que no permitir\u00e1 que ninguna mujer que practique un<b> aborto en Chile<\/b> sea encarcelada por realizarlo.<span class=\"Apple-converted-space\">\u00a0<\/span><\/p>\n<p><img loading=\"lazy\" class=\"alignnone size-medium wp-image-167\" src=\"https:\/\/www.mcf.com.mx\/blog\/wp-content\/uploads\/2022\/10\/Aborto-en-chile-300x300.jpeg\" alt=\"Aborto-en-chile\" width=\"300\" height=\"300\" srcset=\"https:\/\/www.mcf.com.mx\/blog\/wp-content\/uploads\/2022\/10\/Aborto-en-chile-300x300.jpeg 300w, https:\/\/www.mcf.com.mx\/blog\/wp-content\/uploads\/2022\/10\/Aborto-en-chile-1024x1024.jpeg 1024w, https:\/\/www.mcf.com.mx\/blog\/wp-content\/uploads\/2022\/10\/Aborto-en-chile-150x150.jpeg 150w, https:\/\/www.mcf.com.mx\/blog\/wp-content\/uploads\/2022\/10\/Aborto-en-chile-768x768.jpeg 768w, https:\/\/www.mcf.com.mx\/blog\/wp-content\/uploads\/2022\/10\/Aborto-en-chile.jpeg 1080w\" sizes=\"(max-width: 300px) 100vw, 300px\" \/><\/p>\n","protected":false},"excerpt":{"rendered":"<p>El aborto en Chile es permitido desde 2017 por 3 causales ,toda mujer o persona con capacidad de gestar lo puede realizar \u00fanicamente bajo tres causales:\u00a0 Si el embarazo pone en peligro la vida de la mujer Producto de abuso sexual Malformaci\u00f3n en el feto\u00a0 La ministra de Mujer y Equidad de G\u00e9nero de Chile, [&hellip;]<\/p>\n","protected":false},"author":1,"featured_media":168,"comment_status":"open","ping_status":"open","sticky":false,"template":"","format":"standard","meta":[],"categories":[7],"tags":[90,91,92],"acf":[],"yoast_head":"<!-- This site is optimized with the Yoast SEO plugin v18.4.1 - https:\/\/yoast.com\/wordpress\/plugins\/seo\/ -->\n<title>Aborto en Chile - Blog Cl\u00ednica de Aborto Legal<\/title>\n<meta name=\"description\" content=\"Aborto en Chile \u00bfCuales son las causales de aborto legal en Chile ? , cuales con los avances para lograr la Interrupcion voluntaria en Chile.\" \/>\n<meta name=\"robots\" content=\"index, follow, max-snippet:-1, max-image-preview:large, max-video-preview:-1\" \/>\n<link rel=\"canonical\" href=\"https:\/\/www.mcf.com.mx\/blog\/2022\/10\/18\/aborto-en-chile\/\" \/>\n<meta property=\"og:locale\" content=\"es_MX\" \/>\n<meta property=\"og:type\" content=\"article\" \/>\n<meta property=\"og:title\" content=\"Aborto en Chile - Blog Cl\u00ednica de Aborto Legal\" \/>\n<meta property=\"og:description\" content=\"Aborto en Chile \u00bfCuales son las causales de aborto legal en Chile ? , cuales con los avances para lograr la Interrupcion voluntaria en Chile.\" \/>\n<meta property=\"og:url\" content=\"https:\/\/www.mcf.com.mx\/blog\/2022\/10\/18\/aborto-en-chile\/\" \/>\n<meta property=\"og:site_name\" content=\"Blog Cl\u00ednica de Aborto Legal\" \/>\n<meta property=\"article:published_time\" content=\"2022-10-18T22:19:08+00:00\" \/>\n<meta property=\"og:image\" content=\"https:\/\/www.mcf.com.mx\/blog\/wp-content\/uploads\/2022\/10\/aborto-en-chile-.jpeg\" \/>\n\t<meta property=\"og:image:width\" content=\"1080\" \/>\n\t<meta property=\"og:image:height\" content=\"1080\" \/>\n\t<meta property=\"og:image:type\" content=\"image\/jpeg\" \/>\n<meta name=\"twitter:card\" content=\"summary_large_image\" \/>\n<meta name=\"twitter:label1\" content=\"Escrito por\" \/>\n\t<meta name=\"twitter:data1\" content=\"mcf_blog\" \/>\n\t<meta name=\"twitter:label2\" content=\"Tiempo de lectura\" \/>\n\t<meta name=\"twitter:data2\" content=\"2 minutos\" \/>\n<script type=\"application\/ld+json\" class=\"yoast-schema-graph\">{\"@context\":\"https:\/\/schema.org\",\"@graph\":[{\"@type\":\"WebSite\",\"@id\":\"https:\/\/www.mcf.com.mx\/blog\/#website\",\"url\":\"https:\/\/www.mcf.com.mx\/blog\/\",\"name\":\"Blog Cl\u00ednica de Aborto Legal\",\"description\":\"Cl\u00ednica de Aborto Legal en CDMX\",\"potentialAction\":[{\"@type\":\"SearchAction\",\"target\":{\"@type\":\"EntryPoint\",\"urlTemplate\":\"https:\/\/www.mcf.com.mx\/blog\/?s={search_term_string}\"},\"query-input\":\"required name=search_term_string\"}],\"inLanguage\":\"es-MX\"},{\"@type\":\"ImageObject\",\"@id\":\"https:\/\/www.mcf.com.mx\/blog\/2022\/10\/18\/aborto-en-chile\/#primaryimage\",\"inLanguage\":\"es-MX\",\"url\":\"https:\/\/www.mcf.com.mx\/blog\/wp-content\/uploads\/2022\/10\/aborto-en-chile-.jpeg\",\"contentUrl\":\"https:\/\/www.mcf.com.mx\/blog\/wp-content\/uploads\/2022\/10\/aborto-en-chile-.jpeg\",\"width\":1080,\"height\":1080},{\"@type\":\"WebPage\",\"@id\":\"https:\/\/www.mcf.com.mx\/blog\/2022\/10\/18\/aborto-en-chile\/#webpage\",\"url\":\"https:\/\/www.mcf.com.mx\/blog\/2022\/10\/18\/aborto-en-chile\/\",\"name\":\"Aborto en Chile - Blog Cl\u00ednica de Aborto Legal\",\"isPartOf\":{\"@id\":\"https:\/\/www.mcf.com.mx\/blog\/#website\"},\"primaryImageOfPage\":{\"@id\":\"https:\/\/www.mcf.com.mx\/blog\/2022\/10\/18\/aborto-en-chile\/#primaryimage\"},\"datePublished\":\"2022-10-18T22:19:08+00:00\",\"dateModified\":\"2022-10-18T22:19:08+00:00\",\"author\":{\"@id\":\"https:\/\/www.mcf.com.mx\/blog\/#\/schema\/person\/128c5abe8e99ad8cac74810069b2ac62\"},\"description\":\"Aborto en Chile \u00bfCuales son las causales de aborto legal en Chile ? , cuales con los avances para lograr la Interrupcion voluntaria en Chile.\",\"breadcrumb\":{\"@id\":\"https:\/\/www.mcf.com.mx\/blog\/2022\/10\/18\/aborto-en-chile\/#breadcrumb\"},\"inLanguage\":\"es-MX\",\"potentialAction\":[{\"@type\":\"ReadAction\",\"target\":[\"https:\/\/www.mcf.com.mx\/blog\/2022\/10\/18\/aborto-en-chile\/\"]}]},{\"@type\":\"BreadcrumbList\",\"@id\":\"https:\/\/www.mcf.com.mx\/blog\/2022\/10\/18\/aborto-en-chile\/#breadcrumb\",\"itemListElement\":[{\"@type\":\"ListItem\",\"position\":1,\"name\":\"Inicio\",\"item\":\"https:\/\/www.mcf.com.mx\/blog\/\"},{\"@type\":\"ListItem\",\"position\":2,\"name\":\"Aborto en Chile\"}]},{\"@type\":\"Person\",\"@id\":\"https:\/\/www.mcf.com.mx\/blog\/#\/schema\/person\/128c5abe8e99ad8cac74810069b2ac62\",\"name\":\"mcf_blog\",\"image\":{\"@type\":\"ImageObject\",\"@id\":\"https:\/\/www.mcf.com.mx\/blog\/#personlogo\",\"inLanguage\":\"es-MX\",\"url\":\"https:\/\/secure.gravatar.com\/avatar\/41bb7227b52948cd6526ac9ca159a333?s=96&d=mm&r=g\",\"contentUrl\":\"https:\/\/secure.gravatar.com\/avatar\/41bb7227b52948cd6526ac9ca159a333?s=96&d=mm&r=g\",\"caption\":\"mcf_blog\"},\"sameAs\":[\"https:\/\/www.mcf.com.mx\/blog\",\"mcf_blog\"],\"url\":\"https:\/\/www.mcf.com.mx\/blog\/author\/mcf_blog\/\"}]}<\/script>\n<!-- \/ Yoast SEO plugin. -->","yoast_head_json":{"title":"Aborto en Chile - Blog Cl\u00ednica de Aborto Legal","description":"Aborto en Chile \u00bfCuales son las causales de aborto legal en Chile ? , cuales con los avances para lograr la Interrupcion voluntaria en Chile.","robots":{"index":"index","follow":"follow","max-snippet":"max-snippet:-1","max-image-preview":"max-image-preview:large","max-video-preview":"max-video-preview:-1"},"canonical":"https:\/\/www.mcf.com.mx\/blog\/2022\/10\/18\/aborto-en-chile\/","og_locale":"es_MX","og_type":"article","og_title":"Aborto en Chile - Blog Cl\u00ednica de Aborto Legal","og_description":"Aborto en Chile \u00bfCuales son las causales de aborto legal en Chile ? , cuales con los avances para lograr la Interrupcion voluntaria en Chile.","og_url":"https:\/\/www.mcf.com.mx\/blog\/2022\/10\/18\/aborto-en-chile\/","og_site_name":"Blog Cl\u00ednica de Aborto Legal","article_published_time":"2022-10-18T22:19:08+00:00","og_image":[{"width":1080,"height":1080,"url":"https:\/\/www.mcf.com.mx\/blog\/wp-content\/uploads\/2022\/10\/aborto-en-chile-.jpeg","type":"image\/jpeg"}],"twitter_card":"summary_large_image","twitter_misc":{"Escrito por":"mcf_blog","Tiempo de lectura":"2 minutos"},"schema":{"@context":"https:\/\/schema.org","@graph":[{"@type":"WebSite","@id":"https:\/\/www.mcf.com.mx\/blog\/#website","url":"https:\/\/www.mcf.com.mx\/blog\/","name":"Blog Cl\u00ednica de Aborto Legal","description":"Cl\u00ednica de Aborto Legal en CDMX","potentialAction":[{"@type":"SearchAction","target":{"@type":"EntryPoint","urlTemplate":"https:\/\/www.mcf.com.mx\/blog\/?s={search_term_string}"},"query-input":"required name=search_term_string"}],"inLanguage":"es-MX"},{"@type":"ImageObject","@id":"https:\/\/www.mcf.com.mx\/blog\/2022\/10\/18\/aborto-en-chile\/#primaryimage","inLanguage":"es-MX","url":"https:\/\/www.mcf.com.mx\/blog\/wp-content\/uploads\/2022\/10\/aborto-en-chile-.jpeg","contentUrl":"https:\/\/www.mcf.com.mx\/blog\/wp-content\/uploads\/2022\/10\/aborto-en-chile-.jpeg","width":1080,"height":1080},{"@type":"WebPage","@id":"https:\/\/www.mcf.com.mx\/blog\/2022\/10\/18\/aborto-en-chile\/#webpage","url":"https:\/\/www.mcf.com.mx\/blog\/2022\/10\/18\/aborto-en-chile\/","name":"Aborto en Chile - Blog Cl\u00ednica de Aborto Legal","isPartOf":{"@id":"https:\/\/www.mcf.com.mx\/blog\/#website"},"primaryImageOfPage":{"@id":"https:\/\/www.mcf.com.mx\/blog\/2022\/10\/18\/aborto-en-chile\/#primaryimage"},"datePublished":"2022-10-18T22:19:08+00:00","dateModified":"2022-10-18T22:19:08+00:00","author":{"@id":"https:\/\/www.mcf.com.mx\/blog\/#\/schema\/person\/128c5abe8e99ad8cac74810069b2ac62"},"description":"Aborto en Chile \u00bfCuales son las causales de aborto legal en Chile ? , cuales con los avances para lograr la Interrupcion voluntaria en Chile.","breadcrumb":{"@id":"https:\/\/www.mcf.com.mx\/blog\/2022\/10\/18\/aborto-en-chile\/#breadcrumb"},"inLanguage":"es-MX","potentialAction":[{"@type":"ReadAction","target":["https:\/\/www.mcf.com.mx\/blog\/2022\/10\/18\/aborto-en-chile\/"]}]},{"@type":"BreadcrumbList","@id":"https:\/\/www.mcf.com.mx\/blog\/2022\/10\/18\/aborto-en-chile\/#breadcrumb","itemListElement":[{"@type":"ListItem","position":1,"name":"Inicio","item":"https:\/\/www.mcf.com.mx\/blog\/"},{"@type":"ListItem","position":2,"name":"Aborto en Chile"}]},{"@type":"Person","@id":"https:\/\/www.mcf.com.mx\/blog\/#\/schema\/person\/128c5abe8e99ad8cac74810069b2ac62","name":"mcf_blog","image":{"@type":"ImageObject","@id":"https:\/\/www.mcf.com.mx\/blog\/#personlogo","inLanguage":"es-MX","url":"https:\/\/secure.gravatar.com\/avatar\/41bb7227b52948cd6526ac9ca159a333?s=96&d=mm&r=g","contentUrl":"https:\/\/secure.gravatar.com\/avatar\/41bb7227b52948cd6526ac9ca159a333?s=96&d=mm&r=g","caption":"mcf_blog"},"sameAs":["https:\/\/www.mcf.com.mx\/blog","mcf_blog"],"url":"https:\/\/www.mcf.com.mx\/blog\/author\/mcf_blog\/"}]}},"amp_enabled":true,"_links":{"self":[{"href":"https:\/\/www.mcf.com.mx\/blog\/wp-json\/wp\/v2\/posts\/166"}],"collection":[{"href":"https:\/\/www.mcf.com.mx\/blog\/wp-json\/wp\/v2\/posts"}],"about":[{"href":"https:\/\/www.mcf.com.mx\/blog\/wp-json\/wp\/v2\/types\/post"}],"author":[{"embeddable":true,"href":"https:\/\/www.mcf.com.mx\/blog\/wp-json\/wp\/v2\/users\/1"}],"replies":[{"embeddable":true,"href":"https:\/\/www.mcf.com.mx\/blog\/wp-json\/wp\/v2\/comments?post=166"}],"version-history":[{"count":1,"href":"https:\/\/www.mcf.com.mx\/blog\/wp-json\/wp\/v2\/posts\/166\/revisions"}],"predecessor-version":[{"id":169,"href":"https:\/\/www.mcf.com.mx\/blog\/wp-json\/wp\/v2\/posts\/166\/revisions\/169"}],"wp:featuredmedia":[{"embeddable":true,"href":"https:\/\/www.mcf.com.mx\/blog\/wp-json\/wp\/v2\/media\/168"}],"wp:attachment":[{"href":"https:\/\/www.mcf.com.mx\/blog\/wp-json\/wp\/v2\/media?parent=166"}],"wp:term":[{"taxonomy":"category","embeddable":true,"href":"https:\/\/www.mcf.com.mx\/blog\/wp-json\/wp\/v2\/categories?post=166"},{"taxonomy":"post_tag","embeddable":true,"href":"https:\/\/www.mcf.com.mx\/blog\/wp-json\/wp\/v2\/tags?post=166"}],"curies":[{"name":"wp","href":"https:\/\/api.w.org\/{rel}","templated":true}]}}